{"id":2974,"date":"2025-08-11T08:47:06","date_gmt":"2025-08-11T06:47:06","guid":{"rendered":"https:\/\/www.investmentsgroup.net\/?p=2974"},"modified":"2025-08-11T08:47:56","modified_gmt":"2025-08-11T06:47:56","slug":"2974","status":"publish","type":"post","link":"https:\/\/www.investmentsgroup.net\/pl\/2974\/","title":{"rendered":"Bud\u017cet UE na lata 2028\u20132034: wniosek Komisji, Polska i kalendarium"},"content":{"rendered":"<section class=\"l-section wpb_row height_large\"><div class=\"l-section-h i-cf\"><div class=\"g-cols vc_row via_grid cols_1 laptops-cols_inherit tablets-cols_inherit mobiles-cols_1 valign_top type_default stacking_default\"><div class=\"wpb_column vc_column_container\"><div class=\"vc_column-inner\"><div class=\"wpb_text_column\"><div class=\"wpb_wrapper\"><p><span style=\"font-weight: 400;\">Kilka tygodni temu Komisja Europejska przedstawi\u0142a propozycj\u0119 nowych <\/span><b>wieloletnich ram finansowych (WRF) na lata 2028\u20132034<\/b><span style=\"font-weight: 400;\">, kt\u00f3re opiewaj\u0105 na <\/span><b>kwot\u0119 oko\u0142o 1,76\u20132,0 bln euro<\/b><span style=\"font-weight: 400;\"> w zobowi\u0105zaniach (co odpowiada <\/span><b>1,26 proc. \u015bredniego DNB UE<\/b><span style=\"font-weight: 400;\"> w tym okresie). Struktura zosta\u0142a przeniesiona do <\/span><b>4 g\u0142\u00f3wnych rozdzia\u0142\u00f3w<\/b><span style=\"font-weight: 400;\"> z uproszczonymi programami i wi\u0119ksz\u0105 elastyczno\u015bci\u0105 w reagowaniu na kryzysy i nowe priorytety\u00a0<\/span><\/p>\n<p><b>G\u0142\u00f3wne liczby<\/b><\/p>\n<ul>\n<li style=\"font-weight: 400;\" aria-level=\"1\"><b>Og\u00f3\u0142em proponowane<\/b><span style=\"font-weight: 400;\">: <\/span><b>1 763 bln EUR<\/b><span style=\"font-weight: 400;\"> w cenach z 2025 r. (zobowi\u0105zania), z czego <\/span><b>149,3 mld EUR<\/b><span style=\"font-weight: 400;\"> przeznaczono na <\/span><b>sp\u0142at\u0119 zad\u0142u\u017cenia w ramach NGEU<\/b><span style=\"font-weight: 400;\">.\u00a0\u00a0<\/span><\/li>\n<li style=\"font-weight: 400;\" aria-level=\"1\"><b>Podzia\u0142 na rozdzia\u0142y (zobowi\u0105zania, ceny z 2025 r.):<\/b>\n<ul>\n<li style=\"font-weight: 400;\" aria-level=\"2\"><b>Sp\u00f3jno\u015b\u0107, rolnictwo, dobrobyt i bezpiecze\u0144stwo<\/b><span style=\"font-weight: 400;\">: <\/span><b>946,4 mld euro<\/b><span style=\"font-weight: 400;\"> (53,7 proc.).<\/span><\/li>\n<li style=\"font-weight: 400;\" aria-level=\"2\"><b>Konkurencyjno\u015b\u0107, badania naukowe, obrona i przestrze\u0144 kosmiczna<\/b><span style=\"font-weight: 400;\">: <\/span><b>515,1 mld euro<\/b><span style=\"font-weight: 400;\"> (29,2%).<\/span><\/li>\n<li style=\"font-weight: 400;\" aria-level=\"2\"><b>Dzia\u0142ania zewn\u0119trzne (&#8222;Globalny wymiar Europy&#8221;):<\/b> <b>190,0 mld EUR<\/b><span style=\"font-weight: 400;\"> (10,8%).<\/span><\/li>\n<li style=\"font-weight: 400;\" aria-level=\"2\"><b>Administracja publiczna<\/b><span style=\"font-weight: 400;\">: <\/span><b>104,5 mld euro<\/b><span style=\"font-weight: 400;\"> (5,9%).\u00a0\u00a0<\/span><\/li>\n<\/ul>\n<\/li>\n<li style=\"font-weight: 400;\" aria-level=\"1\"><b>Nowe zasoby w\u0142asne (\u015bredni roczny szacunek):<\/b><span style=\"font-weight: 400;\"> ETS <\/span><b>9,6 mld euro<\/b><span style=\"font-weight: 400;\">, CBAM <\/span><b>1,4 mld euro<\/b><span style=\"font-weight: 400;\">, <\/span><b>e-odpady 15 mld euro<\/b><span style=\"font-weight: 400;\">, <\/span><b>akcyza na tyto\u0144 11,2 mld euro<\/b><span style=\"font-weight: 400;\">, <\/span><b>zasoby korporacyjne dla Europy (CORE) 6,8 mld euro<\/b><span style=\"font-weight: 400;\"> plus dostosowania istniej\u0105cych zasob\u00f3w.\u00a0\u00a0<\/span><\/li>\n<li style=\"font-weight: 400;\" aria-level=\"1\"><b>Obrona i przestrze\u0144 kosmiczna<\/b><span style=\"font-weight: 400;\">: Dedykowane okno z <\/span><b>131 mld euro<\/b><span style=\"font-weight: 400;\"> (pi\u0119ciokrotnie wi\u0119cej ni\u017c w obecnych WRF). <\/span><b>Migracja i granice<\/b><span style=\"font-weight: 400;\">: <\/span><b>34 mld euro<\/b><span style=\"font-weight: 400;\"> (potrojony). <\/span><b>Ukraina<\/b><span style=\"font-weight: 400;\">: Mo\u017cliwe wsparcie do <\/span><b>100 mld euro<\/b><span style=\"font-weight: 400;\"> w okresie.\u00a0\u00a0<\/span><\/li>\n<\/ul>\n<p><b>Koncentracja na krajach: dok\u0105d trafiaj\u0105 zasoby (plany krajowe i regionalne)<\/b><\/p>\n<p><span style=\"font-weight: 400;\">Komisja opublikowa\u0142a <\/span><b>krajowe przydzia\u0142y<\/b><span style=\"font-weight: 400;\"> \u015brodk\u00f3w (w cenach bie\u017c\u0105cych) na <\/span><b>plany partnerstwa<\/b><span style=\"font-weight: 400;\"> , kt\u00f3re ujednolicaj\u0105 sp\u00f3jno\u015b\u0107, WPR, migracj\u0119\/bezpiecze\u0144stwo i kwestie spo\u0142eczne. W\u015br\u00f3d g\u0142\u00f3wnych:<\/span><\/p>\n<ul>\n<li style=\"font-weight: 400;\" aria-level=\"1\"><b>Polska<\/b><span style=\"font-weight: 400;\">: <\/span><b>\u0142\u0105cznie 123,3 mld euro<\/b><span style=\"font-weight: 400;\"> (<\/span><b>112,6 mld euro<\/b><span style=\"font-weight: 400;\"> og\u00f3\u0142em; <\/span><b>1,9 mld euro<\/b><span style=\"font-weight: 400;\"> na migracj\u0119\/bezpiecze\u0144stwo; <\/span><b>8,8 mld euro<\/b><span style=\"font-weight: 400;\"> Spo\u0142ecznego Funduszu Klimatycznego). \u2192 <\/span><b>Najwi\u0119kszy beneficjent UE<\/b><span style=\"font-weight: 400;\">.\u00a0\u00a0<\/span><\/li>\n<li style=\"font-weight: 400;\" aria-level=\"1\"><b>Francja<\/b><span style=\"font-weight: 400;\">: <\/span><b>90,1 mld euro<\/b><span style=\"font-weight: 400;\">; <\/span><b>Hiszpania<\/b><span style=\"font-weight: 400;\">: <\/span><b>88,1 mld euro<\/b><span style=\"font-weight: 400;\">; <\/span><b>W\u0142ochy<\/b><span style=\"font-weight: 400;\">: <\/span><b>86,6 mld euro<\/b><span style=\"font-weight: 400;\">; <\/span><b>Niemcy<\/b><span style=\"font-weight: 400;\">: <\/span><b>68,4 mld euro<\/b><span style=\"font-weight: 400;\">; <\/span><b>Rumunia<\/b><span style=\"font-weight: 400;\">: <\/span><b>60,2 mld euro<\/b><span style=\"font-weight: 400;\">; <\/span><b>Grecja<\/b><span style=\"font-weight: 400;\">: <\/span><b>49,2 mld<\/b><span style=\"font-weight: 400;\">\u00a0 EUR<\/span><\/li>\n<\/ul>\n<p><b>Co to oznacza dla Polski<\/b><\/p>\n<ul>\n<li style=\"font-weight: 400;\" aria-level=\"1\"><b>Ci\u0105g\u0142o\u015b\u0107 przyw\u00f3dztwa<\/b><span style=\"font-weight: 400;\"> w\u015br\u00f3d beneficjent\u00f3w funduszy na rozw\u00f3j regionalny i polityki rolno-spo\u0142ecznej, potwierdzona tak\u017ce pierwszymi oficjalnymi reakcjami, kt\u00f3re widz\u0105 Polsk\u0119 jako &#8222;g\u0142\u00f3wnego beneficjenta&#8221; nowej propozycji.\u00a0\u00a0<\/span><\/li>\n<li style=\"font-weight: 400;\" aria-level=\"1\"><span style=\"font-weight: 400;\">Nacisk na <\/span><b>innowacje, bezpiecze\u0144stwo, czyst\u0105 transformacj\u0119<\/b><span style=\"font-weight: 400;\"> i <\/span><b>infrastruktur\u0119<\/b><span style=\"font-weight: 400;\"> za po\u015brednictwem nowego <\/span><b>Europejskiego Funduszu Konkurencyjno\u015bci<\/b><span style=\"font-weight: 400;\"> oraz plan\u00f3w krajowych\/regionalnych, z zastrze\u017ceniem warunk\u00f3w dotycz\u0105cych reform i cel\u00f3w spo\u0142ecznych (minimalny udzia\u0142 spo\u0142eczny 14 %).\u00a0\u00a0<\/span><\/li>\n<\/ul>\n<p><span style=\"font-weight: 400;\">Przewidywane terminy:<\/span><\/p>\n<ul>\n<li style=\"font-weight: 400;\" aria-level=\"1\"><b>Druga po\u0142owa 2025\u20132026<\/b><span style=\"font-weight: 400;\">: negocjacje mi\u0119dzy <\/span><b>pa\u0144stwami cz\u0142onkowskimi (jednog\u0142o\u015bnie)<\/b><span style=\"font-weight: 400;\"> a\u00a0 <\/span><b>Parlamentem Europejskim (konsensus)<\/b><span style=\"font-weight: 400;\"> w sprawie wieloletnich ram finansowych i <\/span><b>pakietu zasob\u00f3w w\u0142asnych<\/b><span style=\"font-weight: 400;\"> (w przypadku tego ostatniego mo\u017ce by\u0107 wymagana ratyfikacja na szczeblu krajowym).\u00a0<\/span><\/li>\n<li style=\"font-weight: 400;\" aria-level=\"1\"><b>Do ko\u0144ca 2026 r<\/b><span style=\"font-weight: 400;\">.: cel polityczny \u2013 <\/span><b>porozumienie<\/b><span style=\"font-weight: 400;\"> w sprawie ram i zasob\u00f3w.<\/span><\/li>\n<li style=\"font-weight: 400;\" aria-level=\"1\"><b>2027<\/b><span style=\"font-weight: 400;\">: <\/span><b>Ostateczne przyj\u0119cie<\/b><span style=\"font-weight: 400;\"> i akty sektorowe.<\/span><\/li>\n<li style=\"font-weight: 400;\" aria-level=\"1\"><b>1 stycznia 2028 r<\/b><span style=\"font-weight: 400;\">.: <\/span><b>wej\u015bcie w \u017cycie<\/b><span style=\"font-weight: 400;\"> nowych wieloletnich ram finansowych.\u00a0\u00a0<\/span><\/li>\n<\/ul>\n<p><span style=\"font-weight: 400;\">Podczas gdy Komisja przygotowuje si\u0119 do przedstawienia bud\u017cetu w wysoko\u015bci prawie 2 bln euro, <\/span><b>Polska pozostaje w centrum nowej rundy funduszy europejskich<\/b><span style=\"font-weight: 400;\">, wzmacniaj\u0105c swoj\u0105 kluczow\u0105 rol\u0119 w obszarach priorytetowych, takich jak rolnictwo, sp\u00f3jno\u015b\u0107, bezpiecze\u0144stwo i klimat. Droga do ostatecznego porozumienia b\u0119dzie d\u0142uga i pe\u0142na wyzwa\u0144: od przedefiniowania zasad dotycz\u0105cych funduszy unijnych po negocjacje mi\u0119dzy niech\u0119tnymi pa\u0144stwami cz\u0142onkowskimi, przechodz\u0105c przez l\u0105dowanie zgromadzenia parlamentarnego.<\/span><\/p>\n<p><span style=\"font-weight: 400;\">\u00a0<\/span><\/p>\n<p><span style=\"font-weight: 400;\">\u0179r\u00f3d\u0142o: CORE przer\u00f3bka .<\/span><\/p>\n<\/div><\/div><\/div><\/div><\/div><\/div><\/section>\n","protected":false},"excerpt":{"rendered":"Kilka tygodni temu Komisja Europejska przedstawi\u0142a propozycj\u0119 nowych wieloletnich ram finansowych (WRF) na lata 2028\u20132034, kt\u00f3re opiewaj\u0105 na kwot\u0119 oko\u0142o 1,76\u20132,0 bln euro w zobowi\u0105zaniach (co odpowiada 1,26 proc. \u015bredniego DNB UE w tym okresie). Struktura zosta\u0142a przeniesiona do 4 g\u0142\u00f3wnych rozdzia\u0142\u00f3w z uproszczonymi programami i wi\u0119ksz\u0105 elastyczno\u015bci\u0105 w reagowaniu na kryzysy i nowe priorytety\u00a0...","protected":false},"author":1,"featured_media":0,"comment_status":"closed","ping_status":"open","sticky":false,"template":"","format":"standard","meta":{"footnotes":""},"categories":[8],"tags":[],"class_list":["post-2974","post","type-post","status-publish","format-standard","hentry","category-bez-kategorii"],"_links":{"self":[{"href":"https:\/\/www.investmentsgroup.net\/pl\/wp-json\/wp\/v2\/posts\/2974","targetHints":{"allow":["GET"]}}],"collection":[{"href":"https:\/\/www.investmentsgroup.net\/pl\/wp-json\/wp\/v2\/posts"}],"about":[{"href":"https:\/\/www.investmentsgroup.net\/pl\/wp-json\/wp\/v2\/types\/post"}],"author":[{"embeddable":true,"href":"https:\/\/www.investmentsgroup.net\/pl\/wp-json\/wp\/v2\/users\/1"}],"replies":[{"embeddable":true,"href":"https:\/\/www.investmentsgroup.net\/pl\/wp-json\/wp\/v2\/comments?post=2974"}],"version-history":[{"count":2,"href":"https:\/\/www.investmentsgroup.net\/pl\/wp-json\/wp\/v2\/posts\/2974\/revisions"}],"predecessor-version":[{"id":2976,"href":"https:\/\/www.investmentsgroup.net\/pl\/wp-json\/wp\/v2\/posts\/2974\/revisions\/2976"}],"wp:attachment":[{"href":"https:\/\/www.investmentsgroup.net\/pl\/wp-json\/wp\/v2\/media?parent=2974"}],"wp:term":[{"taxonomy":"category","embeddable":true,"href":"https:\/\/www.investmentsgroup.net\/pl\/wp-json\/wp\/v2\/categories?post=2974"},{"taxonomy":"post_tag","embeddable":true,"href":"https:\/\/www.investmentsgroup.net\/pl\/wp-json\/wp\/v2\/tags?post=2974"}],"curies":[{"name":"wp","href":"https:\/\/api.w.org\/{rel}","templated":true}]}}